{"id":8425,"date":"2016-10-11T11:35:28","date_gmt":"2016-10-11T11:35:28","guid":{"rendered":"http:\/\/blog.royalcomunicacion.com\/oculus-un-paso-mas-cerca-de-la-realidad-virtual\/"},"modified":"2019-11-21T16:18:45","modified_gmt":"2019-11-21T15:18:45","slug":"oculus-un-paso-mas-cerca-de-la-realidad-virtual-2","status":"publish","type":"post","link":"https:\/\/blog.royalcomunicacion.com\/zh-hans\/oculus-un-paso-mas-cerca-de-la-realidad-virtual-2\/","title":{"rendered":"Oculus\uff0c\u50cf\u865a\u62df\u73b0\u5b9e\u8fc8\u8fdb"},"content":{"rendered":"<p>Fue a principio de 2016 cuando Oculus anunciaba su kit de realidad virtual: Oculus Rift, tras a\u00f1os de retrasos y desarrollo. Un lanzamiento agridulce ya que se esperaba que este kit se vendiera como \u201cla mejor experiencia de realidad virtual\u201d pero fue superado por la propuesta de HTC Vive. Ahora Marc Zuckerberg se ha convertido en el abanderado de su \u00faltima versi\u00f3n, que fue presentada en las conferencias \u2018Oculus Connect 3\u2032 con algunas &nbsp;grandes novedades.<\/p>\n<p><em><img loading=\"lazy\" decoding=\"async\" class=\"aligncenter wp-image-7060 size-large\" src=\"https:\/\/blog.royalcomunicacion.com\/wp-content\/uploads\/2018\/05\/10166365646_b14af58845_k1.jpg\" alt=\"\" width=\"840\" height=\"550\" data-full=\"https:\/\/blog.royalcomunicacion.com\/wp-content\/uploads\/2018\/05\/10166365646_b14af58845_k1.jpg\" data-full-size=\"1024x670\" srcset=\"https:\/\/blog.royalcomunicacion.com\/wp-content\/uploads\/2018\/05\/10166365646_b14af58845_k1.jpg 1024w, https:\/\/blog.royalcomunicacion.com\/wp-content\/uploads\/2018\/05\/10166365646_b14af58845_k1-300x196.jpg 300w, https:\/\/blog.royalcomunicacion.com\/wp-content\/uploads\/2018\/05\/10166365646_b14af58845_k1-768x503.jpg 768w\" sizes=\"auto, (min-width: 790px) 790px, 100vw,\" \/><\/em><\/p>\n<p><em>Foto:&nbsp;<a href=\"https:\/\/www.flickr.com\/photos\/sergesegal\/\"><strong>Sergey Galyonkin<\/strong><\/a><\/em><\/p>\n<p><strong>Ocio electr\u00f3nico y la&nbsp;realidad virtual, la nueva tendencia digital<\/strong><\/p>\n<p>El pasado 6 de Octubre Marc Zuckerberg, CEO de Facebook present\u00f3 Oculus Rift como una nueva tendencia digital que a\u00fana el mundo de la realidad virtual y los videojuegos con el car\u00e1cter m\u00e1s social. Han pasado ya 2 a\u00f1os desde que el gigante Facebook adquiriese Oculus por m\u00e1s de3.000 millones de d\u00f3lares, con el objetivo principal de desarrollar una plataforma de realidad virtual a disposici\u00f3n de los usuarios: \u201cEstamos aqu\u00ed para hacer de la realidad virtual la pr\u00f3xima gran plataforma\u201d, declar\u00f3 Zuckerberg.<\/p>\n<p><strong>Una apuesta por la telepresencia<\/strong><\/p>\n<p>De esta forma, Facebook sigue trabajando en su futura estrategia de negocio ligada a la realidad virtual. Mark Zuckerberg ha presentando personalmente las grandes novedades de Oculus en el \u2018Oculus Connect 3\u2019 ,<\/p>\n<p>Zuckerberg explic\u00f3 que la empresa ya no es solo entretenimiento y narrativa, sino que quiere apostar por la telepresencia. El CEO de Facebook asegur\u00f3 que har\u00e1n de la realidad virtual \u201cla pr\u00f3xima plataforma de ingenier\u00eda\u201d. \u201cPensamos que cualquier sistema se puede mejorar. Sea lo que sea, todo es mejorable: software, hardware, un sistema, una empresa\u2026 Hay que pensar as\u00ed. Queremos que sea como la presencia real\u201d.<\/p>\n<p><strong>El futuro de los videojuegos en Oculus<\/strong><\/p>\n<p>El problema que present\u00f3 a principios de 2016 Oculus Rift fue principalmente que lleg\u00f3 incompleto, ya que para disfrutar las experiencias de realidad virtual con un importante grado de inmersi\u00f3n era necesario tener unos mandos inal\u00e1mbricos, que llegar\u00e1n para el pr\u00f3ximo a\u00f1o. Se espera que el lanzamiento de los mandos inal\u00e1mbricos est\u00e9 ligado con una serie de videojuegos espec\u00edficos, que servir\u00e1n para explotar sus capacidades.<\/p>\n<p><strong>Mejor experiencia de sonido<\/strong><\/p>\n<p>La experiencia de sonido es algo sumamente importante para la realidad virtual. Por eso Oculus no quiere perder la oportunidad de lanzar nuevo hardware relacionado. Ahora la compa\u00f1\u00eda quiere profundizar en este campo, con el lanzamiento de los aud\u00edfonos Rift.<\/p>\n<p>Mark Zuckerberg ha mostrado un prototipo de cascos de realidad virtual complemente independiente, pensado para ser llevado a cualquier parte y ser usado sin necesidad de incorporar tel\u00e9fonos en su interior o conectarlo a los ordenadores. La idea es que adem\u00e1s de que sea independiente pueda ser tambi\u00e9n asequible, que pueda estar al alcance de los usuarios. La comercializaci\u00f3n de los aud\u00edfonos Rift est\u00e1 prevista para diciembre, con un precio de venta aproximado de 49 d\u00f3lares.<\/p>\n<p><strong>Oculus Avatars, personajes m\u00e1s reales<\/strong><\/p>\n<p>La empresa de videojuegos ha estado desarrollando adem\u00e1s diferentes mejoras en lo que respecta a los avatares, desarrollando los \u00faltimos avances en la creaci\u00f3n y personalizaci\u00f3n de &nbsp;personajes virtuales. Con las nuevas actualizaciones los avatares pueden ahora mostrar expresiones faciales como risa o ira. En este sentido, se ha presentado Oculus Avatars, la herramienta con la que los usuarios podr\u00e1n crear sus propios avatares para que les representen virtualmente en la Realidad Virtual. Esta herramienta vendr\u00e1 de la mano de los nuevos controladores Oculus Touch, cuyo lanzamiento en dispositivos m\u00f3viles est\u00e1 previsto para el pr\u00f3ximo a\u00f1o.<\/p>\n","protected":false},"excerpt":{"rendered":"<p>Fue a principio de 2&#8230;<\/p>\n","protected":false},"author":1,"featured_media":7060,"comment_status":"open","ping_status":"open","sticky":false,"template":"","format":"standard","meta":{"footnotes":""},"categories":[72,192,204,189,194,205],"tags":[],"class_list":["post-8425","post","type-post","status-publish","format-standard","has-post-thumbnail","hentry","category-destacadas","category-destacadas-zh-hans","category-facebook-y-twitter","category-facebook-twitter","category-herramientas","category-herramientas-en"],"yoast_head":"<!-- This site is optimized with the Yoast SEO plugin v27.4 - https:\/\/yoast.com\/product\/yoast-seo-wordpress\/ -->\n<title>Oculus\uff0c\u50cf\u865a\u62df\u73b0\u5b9e\u8fc8\u8fdb - Blog | Royal Comunicaci\u00f3n<\/title>\n<meta name=\"description\" content=\"Descubre el ocio electr\u00f3nico y la realidad virtual, la nueva tendencia digital\" \/>\n<meta name=\"robots\" content=\"index, follow, max-snippet:-1, max-image-preview:large, max-video-preview:-1\" \/>\n<link rel=\"canonical\" href=\"https:\/\/blog.royalcomunicacion.com\/zh-hans\/oculus-un-paso-mas-cerca-de-la-realidad-virtual-2\/\" \/>\n<meta property=\"og:locale\" content=\"zh_CN\" \/>\n<meta property=\"og:type\" content=\"article\" \/>\n<meta property=\"og:title\" content=\"Oculus\uff0c\u50cf\u865a\u62df\u73b0\u5b9e\u8fc8\u8fdb - Blog | Royal Comunicaci\u00f3n\" \/>\n<meta property=\"og:description\" content=\"Descubre el ocio electr\u00f3nico y la realidad virtual, la nueva tendencia digital\" \/>\n<meta property=\"og:url\" content=\"https:\/\/blog.royalcomunicacion.com\/zh-hans\/oculus-un-paso-mas-cerca-de-la-realidad-virtual-2\/\" \/>\n<meta property=\"og:site_name\" content=\"Blog | Royal Comunicaci\u00f3n\" \/>\n<meta property=\"article:published_time\" content=\"2016-10-11T11:35:28+00:00\" \/>\n<meta property=\"article:modified_time\" content=\"2019-11-21T15:18:45+00:00\" \/>\n<meta property=\"og:image\" content=\"https:\/\/blog.royalcomunicacion.com\/wp-content\/uploads\/2018\/05\/10166365646_b14af58845_k1.jpg\" \/>\n\t<meta property=\"og:image:width\" content=\"1024\" \/>\n\t<meta property=\"og:image:height\" content=\"670\" \/>\n\t<meta property=\"og:image:type\" content=\"image\/jpeg\" \/>\n<meta name=\"author\" content=\"royalbluser19\" \/>\n<meta name=\"twitter:card\" content=\"summary_large_image\" \/>\n<meta name=\"twitter:label1\" content=\"\u4f5c\u8005\" \/>\n\t<meta name=\"twitter:data1\" content=\"royalbluser19\" \/>\n\t<meta name=\"twitter:label2\" content=\"\u9884\u8ba1\u9605\u8bfb\u65f6\u95f4\" \/>\n\t<meta name=\"twitter:data2\" content=\"3 \u5206\" \/>\n<script type=\"application\/ld+json\" class=\"yoast-schema-graph\">{\"@context\":\"https:\\\/\\\/schema.org\",\"@graph\":[{\"@type\":\"Article\",\"@id\":\"https:\\\/\\\/blog.royalcomunicacion.com\\\/zh-hans\\\/oculus-un-paso-mas-cerca-de-la-realidad-virtual-2\\\/#article\",\"isPartOf\":{\"@id\":\"https:\\\/\\\/blog.royalcomunicacion.com\\\/zh-hans\\\/oculus-un-paso-mas-cerca-de-la-realidad-virtual-2\\\/\"},\"author\":{\"name\":\"royalbluser19\",\"@id\":\"https:\\\/\\\/blog.royalcomunicacion.com\\\/#\\\/schema\\\/person\\\/123516b434287fa982c961bfd3620735\"},\"headline\":\"Oculus\uff0c\u50cf\u865a\u62df\u73b0\u5b9e\u8fc8\u8fdb\",\"datePublished\":\"2016-10-11T11:35:28+00:00\",\"dateModified\":\"2019-11-21T15:18:45+00:00\",\"mainEntityOfPage\":{\"@id\":\"https:\\\/\\\/blog.royalcomunicacion.com\\\/zh-hans\\\/oculus-un-paso-mas-cerca-de-la-realidad-virtual-2\\\/\"},\"wordCount\":602,\"commentCount\":0,\"image\":{\"@id\":\"https:\\\/\\\/blog.royalcomunicacion.com\\\/zh-hans\\\/oculus-un-paso-mas-cerca-de-la-realidad-virtual-2\\\/#primaryimage\"},\"thumbnailUrl\":\"https:\\\/\\\/blog.royalcomunicacion.com\\\/wp-content\\\/uploads\\\/2018\\\/05\\\/10166365646_b14af58845_k1.jpg\",\"articleSection\":[\"Destacadas\",\"Destacadas\",\"Facebook y Twitter\",\"Facebook\u548cTwitter\",\"Herramientas\",\"Herramientas\"],\"inLanguage\":\"zh-Hans\",\"potentialAction\":[{\"@type\":\"CommentAction\",\"name\":\"Comment\",\"target\":[\"https:\\\/\\\/blog.royalcomunicacion.com\\\/zh-hans\\\/oculus-un-paso-mas-cerca-de-la-realidad-virtual-2\\\/#respond\"]}]},{\"@type\":\"WebPage\",\"@id\":\"https:\\\/\\\/blog.royalcomunicacion.com\\\/zh-hans\\\/oculus-un-paso-mas-cerca-de-la-realidad-virtual-2\\\/\",\"url\":\"https:\\\/\\\/blog.royalcomunicacion.com\\\/zh-hans\\\/oculus-un-paso-mas-cerca-de-la-realidad-virtual-2\\\/\",\"name\":\"Oculus\uff0c\u50cf\u865a\u62df\u73b0\u5b9e\u8fc8\u8fdb - Blog | Royal Comunicaci\u00f3n\",\"isPartOf\":{\"@id\":\"https:\\\/\\\/blog.royalcomunicacion.com\\\/#website\"},\"primaryImageOfPage\":{\"@id\":\"https:\\\/\\\/blog.royalcomunicacion.com\\\/zh-hans\\\/oculus-un-paso-mas-cerca-de-la-realidad-virtual-2\\\/#primaryimage\"},\"image\":{\"@id\":\"https:\\\/\\\/blog.royalcomunicacion.com\\\/zh-hans\\\/oculus-un-paso-mas-cerca-de-la-realidad-virtual-2\\\/#primaryimage\"},\"thumbnailUrl\":\"https:\\\/\\\/blog.royalcomunicacion.com\\\/wp-content\\\/uploads\\\/2018\\\/05\\\/10166365646_b14af58845_k1.jpg\",\"datePublished\":\"2016-10-11T11:35:28+00:00\",\"dateModified\":\"2019-11-21T15:18:45+00:00\",\"author\":{\"@id\":\"https:\\\/\\\/blog.royalcomunicacion.com\\\/#\\\/schema\\\/person\\\/123516b434287fa982c961bfd3620735\"},\"description\":\"Descubre el ocio electr\u00f3nico y la realidad virtual, la nueva tendencia digital\",\"breadcrumb\":{\"@id\":\"https:\\\/\\\/blog.royalcomunicacion.com\\\/zh-hans\\\/oculus-un-paso-mas-cerca-de-la-realidad-virtual-2\\\/#breadcrumb\"},\"inLanguage\":\"zh-Hans\",\"potentialAction\":[{\"@type\":\"ReadAction\",\"target\":[\"https:\\\/\\\/blog.royalcomunicacion.com\\\/zh-hans\\\/oculus-un-paso-mas-cerca-de-la-realidad-virtual-2\\\/\"]}]},{\"@type\":\"ImageObject\",\"inLanguage\":\"zh-Hans\",\"@id\":\"https:\\\/\\\/blog.royalcomunicacion.com\\\/zh-hans\\\/oculus-un-paso-mas-cerca-de-la-realidad-virtual-2\\\/#primaryimage\",\"url\":\"https:\\\/\\\/blog.royalcomunicacion.com\\\/wp-content\\\/uploads\\\/2018\\\/05\\\/10166365646_b14af58845_k1.jpg\",\"contentUrl\":\"https:\\\/\\\/blog.royalcomunicacion.com\\\/wp-content\\\/uploads\\\/2018\\\/05\\\/10166365646_b14af58845_k1.jpg\",\"width\":1024,\"height\":670},{\"@type\":\"BreadcrumbList\",\"@id\":\"https:\\\/\\\/blog.royalcomunicacion.com\\\/zh-hans\\\/oculus-un-paso-mas-cerca-de-la-realidad-virtual-2\\\/#breadcrumb\",\"itemListElement\":[{\"@type\":\"ListItem\",\"position\":1,\"name\":\"Portada\",\"item\":\"https:\\\/\\\/blog.royalcomunicacion.com\\\/\"},{\"@type\":\"ListItem\",\"position\":2,\"name\":\"Oculus\uff0c\u50cf\u865a\u62df\u73b0\u5b9e\u8fc8\u8fdb\"}]},{\"@type\":\"WebSite\",\"@id\":\"https:\\\/\\\/blog.royalcomunicacion.com\\\/#website\",\"url\":\"https:\\\/\\\/blog.royalcomunicacion.com\\\/\",\"name\":\"Blog | Royal Comunicaci\u00f3n\",\"description\":\"\",\"potentialAction\":[{\"@type\":\"SearchAction\",\"target\":{\"@type\":\"EntryPoint\",\"urlTemplate\":\"https:\\\/\\\/blog.royalcomunicacion.com\\\/?s={search_term_string}\"},\"query-input\":{\"@type\":\"PropertyValueSpecification\",\"valueRequired\":true,\"valueName\":\"search_term_string\"}}],\"inLanguage\":\"zh-Hans\"},{\"@type\":\"Person\",\"@id\":\"https:\\\/\\\/blog.royalcomunicacion.com\\\/#\\\/schema\\\/person\\\/123516b434287fa982c961bfd3620735\",\"name\":\"royalbluser19\",\"image\":{\"@type\":\"ImageObject\",\"inLanguage\":\"zh-Hans\",\"@id\":\"https:\\\/\\\/secure.gravatar.com\\\/avatar\\\/6e25b67a72e31e1b6ce655be230d2419683e69d3cdc3c6f8d533ac5e4a59f1d9?s=96&d=mm&r=g\",\"url\":\"https:\\\/\\\/secure.gravatar.com\\\/avatar\\\/6e25b67a72e31e1b6ce655be230d2419683e69d3cdc3c6f8d533ac5e4a59f1d9?s=96&d=mm&r=g\",\"contentUrl\":\"https:\\\/\\\/secure.gravatar.com\\\/avatar\\\/6e25b67a72e31e1b6ce655be230d2419683e69d3cdc3c6f8d533ac5e4a59f1d9?s=96&d=mm&r=g\",\"caption\":\"royalbluser19\"},\"url\":\"https:\\\/\\\/blog.royalcomunicacion.com\\\/zh-hans\\\/author\\\/royalbluser19\\\/\"}]}<\/script>\n<!-- \/ Yoast SEO plugin. -->","yoast_head_json":{"title":"Oculus\uff0c\u50cf\u865a\u62df\u73b0\u5b9e\u8fc8\u8fdb - Blog | Royal Comunicaci\u00f3n","description":"Descubre el ocio electr\u00f3nico y la realidad virtual, la nueva tendencia digital","robots":{"index":"index","follow":"follow","max-snippet":"max-snippet:-1","max-image-preview":"max-image-preview:large","max-video-preview":"max-video-preview:-1"},"canonical":"https:\/\/blog.royalcomunicacion.com\/zh-hans\/oculus-un-paso-mas-cerca-de-la-realidad-virtual-2\/","og_locale":"zh_CN","og_type":"article","og_title":"Oculus\uff0c\u50cf\u865a\u62df\u73b0\u5b9e\u8fc8\u8fdb - Blog | Royal Comunicaci\u00f3n","og_description":"Descubre el ocio electr\u00f3nico y la realidad virtual, la nueva tendencia digital","og_url":"https:\/\/blog.royalcomunicacion.com\/zh-hans\/oculus-un-paso-mas-cerca-de-la-realidad-virtual-2\/","og_site_name":"Blog | Royal Comunicaci\u00f3n","article_published_time":"2016-10-11T11:35:28+00:00","article_modified_time":"2019-11-21T15:18:45+00:00","og_image":[{"width":1024,"height":670,"url":"https:\/\/blog.royalcomunicacion.com\/wp-content\/uploads\/2018\/05\/10166365646_b14af58845_k1.jpg","type":"image\/jpeg"}],"author":"royalbluser19","twitter_card":"summary_large_image","twitter_misc":{"\u4f5c\u8005":"royalbluser19","\u9884\u8ba1\u9605\u8bfb\u65f6\u95f4":"3 \u5206"},"schema":{"@context":"https:\/\/schema.org","@graph":[{"@type":"Article","@id":"https:\/\/blog.royalcomunicacion.com\/zh-hans\/oculus-un-paso-mas-cerca-de-la-realidad-virtual-2\/#article","isPartOf":{"@id":"https:\/\/blog.royalcomunicacion.com\/zh-hans\/oculus-un-paso-mas-cerca-de-la-realidad-virtual-2\/"},"author":{"name":"royalbluser19","@id":"https:\/\/blog.royalcomunicacion.com\/#\/schema\/person\/123516b434287fa982c961bfd3620735"},"headline":"Oculus\uff0c\u50cf\u865a\u62df\u73b0\u5b9e\u8fc8\u8fdb","datePublished":"2016-10-11T11:35:28+00:00","dateModified":"2019-11-21T15:18:45+00:00","mainEntityOfPage":{"@id":"https:\/\/blog.royalcomunicacion.com\/zh-hans\/oculus-un-paso-mas-cerca-de-la-realidad-virtual-2\/"},"wordCount":602,"commentCount":0,"image":{"@id":"https:\/\/blog.royalcomunicacion.com\/zh-hans\/oculus-un-paso-mas-cerca-de-la-realidad-virtual-2\/#primaryimage"},"thumbnailUrl":"https:\/\/blog.royalcomunicacion.com\/wp-content\/uploads\/2018\/05\/10166365646_b14af58845_k1.jpg","articleSection":["Destacadas","Destacadas","Facebook y Twitter","Facebook\u548cTwitter","Herramientas","Herramientas"],"inLanguage":"zh-Hans","potentialAction":[{"@type":"CommentAction","name":"Comment","target":["https:\/\/blog.royalcomunicacion.com\/zh-hans\/oculus-un-paso-mas-cerca-de-la-realidad-virtual-2\/#respond"]}]},{"@type":"WebPage","@id":"https:\/\/blog.royalcomunicacion.com\/zh-hans\/oculus-un-paso-mas-cerca-de-la-realidad-virtual-2\/","url":"https:\/\/blog.royalcomunicacion.com\/zh-hans\/oculus-un-paso-mas-cerca-de-la-realidad-virtual-2\/","name":"Oculus\uff0c\u50cf\u865a\u62df\u73b0\u5b9e\u8fc8\u8fdb - Blog | Royal Comunicaci\u00f3n","isPartOf":{"@id":"https:\/\/blog.royalcomunicacion.com\/#website"},"primaryImageOfPage":{"@id":"https:\/\/blog.royalcomunicacion.com\/zh-hans\/oculus-un-paso-mas-cerca-de-la-realidad-virtual-2\/#primaryimage"},"image":{"@id":"https:\/\/blog.royalcomunicacion.com\/zh-hans\/oculus-un-paso-mas-cerca-de-la-realidad-virtual-2\/#primaryimage"},"thumbnailUrl":"https:\/\/blog.royalcomunicacion.com\/wp-content\/uploads\/2018\/05\/10166365646_b14af58845_k1.jpg","datePublished":"2016-10-11T11:35:28+00:00","dateModified":"2019-11-21T15:18:45+00:00","author":{"@id":"https:\/\/blog.royalcomunicacion.com\/#\/schema\/person\/123516b434287fa982c961bfd3620735"},"description":"Descubre el ocio electr\u00f3nico y la realidad virtual, la nueva tendencia digital","breadcrumb":{"@id":"https:\/\/blog.royalcomunicacion.com\/zh-hans\/oculus-un-paso-mas-cerca-de-la-realidad-virtual-2\/#breadcrumb"},"inLanguage":"zh-Hans","potentialAction":[{"@type":"ReadAction","target":["https:\/\/blog.royalcomunicacion.com\/zh-hans\/oculus-un-paso-mas-cerca-de-la-realidad-virtual-2\/"]}]},{"@type":"ImageObject","inLanguage":"zh-Hans","@id":"https:\/\/blog.royalcomunicacion.com\/zh-hans\/oculus-un-paso-mas-cerca-de-la-realidad-virtual-2\/#primaryimage","url":"https:\/\/blog.royalcomunicacion.com\/wp-content\/uploads\/2018\/05\/10166365646_b14af58845_k1.jpg","contentUrl":"https:\/\/blog.royalcomunicacion.com\/wp-content\/uploads\/2018\/05\/10166365646_b14af58845_k1.jpg","width":1024,"height":670},{"@type":"BreadcrumbList","@id":"https:\/\/blog.royalcomunicacion.com\/zh-hans\/oculus-un-paso-mas-cerca-de-la-realidad-virtual-2\/#breadcrumb","itemListElement":[{"@type":"ListItem","position":1,"name":"Portada","item":"https:\/\/blog.royalcomunicacion.com\/"},{"@type":"ListItem","position":2,"name":"Oculus\uff0c\u50cf\u865a\u62df\u73b0\u5b9e\u8fc8\u8fdb"}]},{"@type":"WebSite","@id":"https:\/\/blog.royalcomunicacion.com\/#website","url":"https:\/\/blog.royalcomunicacion.com\/","name":"Blog | Royal Comunicaci\u00f3n","description":"","potentialAction":[{"@type":"SearchAction","target":{"@type":"EntryPoint","urlTemplate":"https:\/\/blog.royalcomunicacion.com\/?s={search_term_string}"},"query-input":{"@type":"PropertyValueSpecification","valueRequired":true,"valueName":"search_term_string"}}],"inLanguage":"zh-Hans"},{"@type":"Person","@id":"https:\/\/blog.royalcomunicacion.com\/#\/schema\/person\/123516b434287fa982c961bfd3620735","name":"royalbluser19","image":{"@type":"ImageObject","inLanguage":"zh-Hans","@id":"https:\/\/secure.gravatar.com\/avatar\/6e25b67a72e31e1b6ce655be230d2419683e69d3cdc3c6f8d533ac5e4a59f1d9?s=96&d=mm&r=g","url":"https:\/\/secure.gravatar.com\/avatar\/6e25b67a72e31e1b6ce655be230d2419683e69d3cdc3c6f8d533ac5e4a59f1d9?s=96&d=mm&r=g","contentUrl":"https:\/\/secure.gravatar.com\/avatar\/6e25b67a72e31e1b6ce655be230d2419683e69d3cdc3c6f8d533ac5e4a59f1d9?s=96&d=mm&r=g","caption":"royalbluser19"},"url":"https:\/\/blog.royalcomunicacion.com\/zh-hans\/author\/royalbluser19\/"}]}},"_links":{"self":[{"href":"https:\/\/blog.royalcomunicacion.com\/zh-hans\/wp-json\/wp\/v2\/posts\/8425","targetHints":{"allow":["GET"]}}],"collection":[{"href":"https:\/\/blog.royalcomunicacion.com\/zh-hans\/wp-json\/wp\/v2\/posts"}],"about":[{"href":"https:\/\/blog.royalcomunicacion.com\/zh-hans\/wp-json\/wp\/v2\/types\/post"}],"author":[{"embeddable":true,"href":"https:\/\/blog.royalcomunicacion.com\/zh-hans\/wp-json\/wp\/v2\/users\/1"}],"replies":[{"embeddable":true,"href":"https:\/\/blog.royalcomunicacion.com\/zh-hans\/wp-json\/wp\/v2\/comments?post=8425"}],"version-history":[{"count":2,"href":"https:\/\/blog.royalcomunicacion.com\/zh-hans\/wp-json\/wp\/v2\/posts\/8425\/revisions"}],"predecessor-version":[{"id":9582,"href":"https:\/\/blog.royalcomunicacion.com\/zh-hans\/wp-json\/wp\/v2\/posts\/8425\/revisions\/9582"}],"wp:featuredmedia":[{"embeddable":true,"href":"https:\/\/blog.royalcomunicacion.com\/zh-hans\/wp-json\/wp\/v2\/media\/7060"}],"wp:attachment":[{"href":"https:\/\/blog.royalcomunicacion.com\/zh-hans\/wp-json\/wp\/v2\/media?parent=8425"}],"wp:term":[{"taxonomy":"category","embeddable":true,"href":"https:\/\/blog.royalcomunicacion.com\/zh-hans\/wp-json\/wp\/v2\/categories?post=8425"},{"taxonomy":"post_tag","embeddable":true,"href":"https:\/\/blog.royalcomunicacion.com\/zh-hans\/wp-json\/wp\/v2\/tags?post=8425"}],"curies":[{"name":"wp","href":"https:\/\/api.w.org\/{rel}","templated":true}]}}